{"id":3191,"date":"2017-11-11T11:11:28","date_gmt":"2017-11-11T10:11:28","guid":{"rendered":"http:\/\/sallesdangles.com\/?p=3191"},"modified":"2022-07-08T14:43:17","modified_gmt":"2022-07-08T12:43:17","slug":"compte-rendu-de-la-reunion-du-7-novembre-2017","status":"publish","type":"post","link":"https:\/\/sallesdangles.com\/index.php\/2017\/11\/11\/compte-rendu-de-la-reunion-du-7-novembre-2017\/","title":{"rendered":"Compte rendu de la r\u00e9union du 7 novembre 2017"},"content":{"rendered":"<p>Le conseil municipal s\u2019est r\u00e9uni \u00e0 18h30.<\/p>\n<ul>\n<li>Le conseil approuve le compte-rendu de la r\u00e9union du 9 octobre 2017.<\/li>\n<li><strong><u>Cimeti\u00e8res<\/u><\/strong>:<\/li>\n<li><strong><em>Caveaux et Monuments fun\u00e9raires&nbsp;repris par la commune<\/em><\/strong><em> :<\/em><\/li>\n<\/ul>\n<p>Expos\u00e9 du Maire :<\/p>\n<p><em>&#8211; <\/em>Suite aux op\u00e9rations mat\u00e9rielles de reprise des s\u00e9pultures par la commune, des caveaux, monuments fun\u00e9raires dont l&rsquo;\u00e9tat le permettait, ont \u00e9t\u00e9 pr\u00e9serv\u00e9s de la destruction ;<\/p>\n<p>-Vu la Circulaire du Ministre de l&rsquo;Int\u00e9rieur n\u00b093-28 du 28 janvier 1993 prise sur la base d&rsquo;un avis du Conseil d&rsquo;Etat&nbsp;;<\/p>\n<p>&#8211; Sachant que les monuments et caveaux install\u00e9s sur les s\u00e9pultures reprises qui n&rsquo;ont pas \u00e9t\u00e9 r\u00e9cup\u00e9r\u00e9s par les familles font r\u00e9guli\u00e8rement retour \u00e0 la commune et appartiennent au domaine priv\u00e9 de celle-ci,<\/p>\n<p>&#8211; Sachant que la commune est libre d&rsquo;en disposer, de les louer ou de les vendre dans la limite du respect d\u00fb aux d\u00e9funts et aux s\u00e9pultures d\u00e8s lors qu&rsquo;aucune inscription des d\u00e9funts initialement inhum\u00e9s n&rsquo;est lisible,<\/p>\n<p>&#8211; Sachant que la vente de ces biens n&rsquo;a pas pour but de faire du profit mais de r\u00e9pondre aux attentes des usagers qu&rsquo;ils le souhaitent en leur proposant un service compl\u00e9mentaire et sauvegarder ainsi le patrimoine fun\u00e9raire<em>,<\/em><\/p>\n<p>&#8211; Sachant que les particuliers ont toujours la possibilit\u00e9 d&rsquo;acqu\u00e9rir une concession sur un terrain libre de toute construction,<\/p>\n<p>&#8211; Sachant que ces biens sont vendus en l\u2019\u00e9tat, apr\u00e8s avoir \u00e9t\u00e9 nettoy\u00e9s par la commune,<\/p>\n<p>&#8211; Consid\u00e9rant la nature et la valeur estim\u00e9e des biens, le maire propose de les vendre au prix estim\u00e9.<\/p>\n<p>Le conseil municipal ayant d\u00e9lib\u00e9r\u00e9 apr\u00e8s avoir entendu le rapport du Maire&nbsp;:<\/p>\n<p>&#8211; Approuve \u00e0 l&rsquo;unanimit\u00e9 la cession des biens selon les tarifs suivants&nbsp;:<\/p>\n<ul>\n<li>Caveaux ou Monuments fun\u00e9raires : entre 800\u20ac et 3000\u20ac, le b\u00e2ti, selon la nature du bien, son \u00e9tat et sa capacit\u00e9.<\/li>\n<\/ul>\n<p>&#8211; D\u00e9cide d&rsquo;inscrire les recettes correspondantes sur le compte 70311 au budget de la commune.<\/p>\n<p>&#8211; Charge le Maire de conclure un acte de cession avec les particuliers int\u00e9ress\u00e9s en sus de l&rsquo;acte de concession.<\/p>\n<ul>\n<li><strong><em>Nouveaux tarifs et d\u00e9lai des concessions<\/em><\/strong>:<\/li>\n<\/ul>\n<p>Monsieur le Maire informe le conseil municipal que suite aux travaux de reprise de concessions, il est n\u00e9cessaire d&rsquo;appliquer un nouveau tarif et d&rsquo;arr\u00eater les concessions perp\u00e9tuelles.<\/p>\n<p>Le conseil ayant d\u00e9lib\u00e9r\u00e9 apr\u00e8s avoir entendu le rapport de M. le Maire, d\u00e9cide&nbsp;:<\/p>\n<p>Article premier. \u2013 Les concessions perp\u00e9tuelles ne se pratiquent plus dans nos cimeti\u00e8res \u00e0 compter de la pr\u00e9sente d\u00e9lib\u00e9ration et il est institu\u00e9 en application de l\u2019article L.2223-14 du Code G\u00e9n\u00e9ral des collectivit\u00e9s territoriales :<\/p>\n<p>&#8211; Des concessions trentenaires<\/p>\n<p>Article 2. \u2013 Les prix des concessions sont fix\u00e9s selon le tableau suivant&nbsp;:<\/p>\n<p>&#8211; Concession de terrain d\u2019une superficie de&nbsp;2,50 m2 : 100 \u20acuros (Cent).<\/p>\n<p>(<em>\u00e0 savoir<\/em> <em>une concession d\u2019une superficie de 1m de largeur x 2,50 m de longueur et 25 cm de chaque c\u00f4t\u00e9 de passe-pieds fournis par la commune, peut recevoir un caveau 3 places superpos\u00e9es ou deux corps superpos\u00e9s en pleine terre selon les dimensions usuelles des caveaux et des cercueils<\/em>).<\/p>\n<p>&#8211; Concession de case de columbarium&nbsp;pouvant recevoir jusqu\u2019 \u00e0 3 (trois) urnes au maximum (selon les dimensions standards) : 650 \u20acuros la case (Six cent cinquante).<\/p>\n<p>Article 3. \u2013 Le prix d\u2019occupation du caveau provisoire est fix\u00e9 \u00e0 30 \u20acuros (Trente) par mois. Le s\u00e9jour total d&rsquo;un corps dans le caveau provisoire ne peut exc\u00e9der 6 mois (Six) selon le&nbsp; r\u00e8glement.<\/p>\n<p>Article 4. \u2013 Ces mesures sont applicables imm\u00e9diatement, les dispositions ant\u00e9rieures ayant m\u00eame objet, sont et demeurent abrog\u00e9es.<\/p>\n<p>Article 5. \u2013 M. le Maire, auquel la d\u00e9lib\u00e9ration du Conseil Municipal en date du 28 mars 2017 a d\u00e9l\u00e9gu\u00e9, en application de l\u2019article L.2122-22 8\u00b0 du Code G\u00e9n\u00e9ral des collectivit\u00e9s territoriales, la d\u00e9livrance et la reprise des concessions fun\u00e9raires, est charg\u00e9 de l\u2019application de la pr\u00e9sente d\u00e9lib\u00e9ration.<\/p>\n<ul>\n<li><strong>Une visite des cimeti\u00e8res<\/strong> avec les \u00e9lus est pr\u00e9vue le <u>samedi 25 novembre 2017 \u00e0 10h30<\/u>, rendez-vous au cimeti\u00e8re du bourg.<\/li>\n<li><strong><u>Syndicat du bassin versant du N\u00e9<\/u><\/strong>:<\/li>\n<\/ul>\n<p>Monsieur le Maire informe le conseil municipal que le&nbsp; Syndicat du bassin versant du N\u00e9 a adopt\u00e9 favorablement la demande d&rsquo;adh\u00e9sion de la commune de Bourg-Charente au Syndicat.<\/p>\n<p>Monsieur le Maire pr\u00e9sente \u00e9galement le projet de modification des statuts du Syndicat du bassin versant du N\u00e9.&nbsp;Apr\u00e8s en avoir d\u00e9lib\u00e9r\u00e9, le conseil municipal&nbsp;:<\/p>\n<p>&#8211; Est favorable \u00e0 la demande d&rsquo;adh\u00e9sion au Syndicat de la commune de Bourg-Charente.<\/p>\n<p>&#8211; Accepte le projet de modification des statuts du Syndicat.<\/p>\n<ul>\n<li><strong><u>Grand-Cognac&nbsp;: D\u00e9lib\u00e9rations<\/u><\/strong>:<\/li>\n<li><strong><em>CLECT&nbsp;: Taxe d\u2019habitation<\/em><\/strong><\/li>\n<\/ul>\n<p>Vu le code g\u00e9n\u00e9ral des imp\u00f4ts, notamment son article 1609 nonies C;<\/p>\n<p>Vu l&rsquo;arr\u00eat\u00e9 pr\u00e9fectoral en date du 16 d\u00e9cembre 2016 portant fusion des communaut\u00e9s de communes de Grand Cognac, Grande Champagne, Jarnac et R\u00e9gion de Ch\u00e2teauneuf au 1 er janvier 2017 ;<\/p>\n<p>Vu le rapport d&rsquo;\u00e9valuation n\u00b06 de la commission locale d&rsquo;\u00e9valuation des charges transf\u00e9r\u00e9es (CLECT) approuv\u00e9 \u00e0 l&rsquo;unanimit\u00e9, joint en annexe.<\/p>\n<p>Consid\u00e9rant que le rapport d&rsquo;\u00e9valuation de la CLECT fait suite au transfert du taux de la part d\u00e9partementale de taxe d&rsquo;habitation de la commune de Bellevigne \u00e0 la communaut\u00e9 d&rsquo;agglom\u00e9ration au 1er janvier 2017 ;<\/p>\n<p>Consid\u00e9rant que les attributions de compensation vers\u00e9es ou per\u00e7ues par la communaut\u00e9 d&rsquo;agglom\u00e9ration depuis le 1er janvier 2017 correspondent \u00e0 celles per\u00e7ues ou vers\u00e9es par les anciennes communaut\u00e9s de communes de Ch\u00e2teauneuf, Grand Cognac, Grande Champagne, et Jarnac ;<\/p>\n<p>Consid\u00e9rant que les attributions de compensation permettent de maintenir les \u00e9quilibres budg\u00e9taires des communes membres et de leur \u00e9tablissement public de coop\u00e9ration intercommunale (EPCI) lorsqu&rsquo;il y a transfert de comp\u00e9tences et de charges dans le cadre de la fiscalit\u00e9 professionnelle unique ;<\/p>\n<p>Consid\u00e9rant que les attributions de compensation sont r\u00e9\u00e9valu\u00e9es lors de chaque transfert de comp\u00e9tences, par la Commission Locale d&rsquo;Evaluation des Charges Transf\u00e9r\u00e9es (CLECT), dans un d\u00e9lai de 9 mois suivant le transfert, selon une m\u00e9thodologie fix\u00e9e par la loi ;<\/p>\n<p>Consid\u00e9rant que le rapport de la CLECT pr\u00e9sentant le montant des charges transf\u00e9r\u00e9es doit \u00eatre approuv\u00e9 par d\u00e9lib\u00e9ration concordante de la majorit\u00e9 qualifi\u00e9e des conseils municipaux (2\/3 des communes repr\u00e9sentant 50% de la population ou 50% des communes repr\u00e9sentant &nbsp;&nbsp;&nbsp;&nbsp; les 2\/3 de la population) dans un d\u00e9lai de trois mois \u00e0 compter de la transmission<\/p>\n<p>Monsieur le Maire :<\/p>\n<p>&#8211; Propose d&rsquo;approuver le rapport de la CLECT du 31 ao\u00fbt 2017 faisant suite au transfert du taux de la part d\u00e9partementale de taxe d&rsquo;habitation de la commune de Bellevigne \u00e0 la communaut\u00e9 d&rsquo;agglom\u00e9ration<\/p>\n<p>Le Conseil Municipal :<\/p>\n<p>&#8211; Approuve le rapport de la CLECT du 31 ao\u00fbt 2017 faisant suite au transfert du taux de la part d\u00e9partementale de taxe d&rsquo;habitation de la commune de Bellevigne \u00e0 la communaut\u00e9&nbsp; l&rsquo;agglom\u00e9ration.<\/p>\n<ul>\n<li><strong><em>CLECT&nbsp;: Gens du voyage&nbsp;:<\/em><\/strong><\/li>\n<\/ul>\n<p>Vu le code g\u00e9n\u00e9ral des imp\u00f4ts, notamment son article 1609 nonies C;<\/p>\n<p>Vu l&rsquo;arr\u00eat\u00e9 pr\u00e9fectoral en date du 16 d\u00e9cembre 2016 portant fusion des communaut\u00e9s de communes de Grand Cognac, Grande Champagne, Jarnac et R\u00e9gion de Ch\u00e2teauneuf au 1er janvier 2017;<\/p>\n<p>Vu le rapport d&rsquo;\u00e9valuation n\u00b07 de la commission locale d&rsquo;\u00e9valuation des charges transf\u00e9r\u00e9es (CLECT) approuv\u00e9 \u00e0 l&rsquo;unanimit\u00e9, joint en annexe.<\/p>\n<p>Consid\u00e9rant que le rapport d&rsquo;\u00e9valuation de la CLECT fait suite au transfert de la comp\u00e9tence am\u00e9nagement, entretien et gestion des aires d&rsquo;accueil des gens du voyage \u00e0 la communaut\u00e9 d&rsquo;agglom\u00e9ration au 1 er janvier 2017;<\/p>\n<p>Consid\u00e9rant que les attributions de compensation permettent de maintenir les \u00e9quilibres budg\u00e9taires des communes membres et de leur \u00e9tablissement public de coop\u00e9ration intercommunale (EPCI) lorsqu&rsquo;il y a transfert de comp\u00e9tences et de charges dans le cadre de la fiscalit\u00e9 professionnelle unique ;<\/p>\n<p>Consid\u00e9rant que les attributions de compensation sont r\u00e9\u00e9valu\u00e9es lors de chaque transfert de comp\u00e9tences, par la Commission Locale d&rsquo;Evaluation des Charges Transf\u00e9r\u00e9es (CLECT), dans un d\u00e9lai de 9 mois suivant le transfert, selon une m\u00e9thodologie fix\u00e9e par la loi ;<\/p>\n<p>Consid\u00e9rant que la commune de Ch\u00e2teauneuf-sur-Charente disposait d&rsquo;une aire d&rsquo;accueil des gens du voyage inscrite au sch\u00e9ma d\u00e9partemental qui a \u00e9t\u00e9 transf\u00e9r\u00e9e \u00e0 Grand Cognac au 1 er janvier 2017 ;<\/p>\n<p>Consid\u00e9rant que le rapport de la CLECT pr\u00e9sentant le montant des charges transf\u00e9r\u00e9es doit \u00eatre approuv\u00e9 par d\u00e9lib\u00e9ration concordante de la majorit\u00e9 qualifi\u00e9e des conseils municipaux (2\/3 des communes repr\u00e9sentant 50% de la population ou 50% des communes repr\u00e9sentant les 2\/3 de la population) dans un d\u00e9lai de trois mois \u00e0 compter de la transmission ;<\/p>\n<p>Monsieur le Maire :<\/p>\n<p>&#8211; Propose d&rsquo;approuver le rapport de la CLECT du 31 ao\u00fbt 2017 faisant suite au transfert de la comp\u00e9tence aire d&rsquo;accueil des gens du voyage, \u00e0 la communaut\u00e9 d&rsquo;agglom\u00e9ration.<\/p>\n<p>Le Conseil Municipal :<\/p>\n<p>&#8211; Approuve le rapport de la CLECT du 31 ao\u00fbt 2017 faisant suite au transfert de la comp\u00e9tence aire d&rsquo;accueil des gens du voyage, \u00e0 la communaut\u00e9 d&rsquo;agglom\u00e9ration.<\/p>\n<ul>\n<li><strong><em>CLECT&nbsp;: Politique de la ville&nbsp;:<\/em><\/strong><\/li>\n<\/ul>\n<p>Vu le code g\u00e9n\u00e9ral des imp\u00f4ts, notamment son article 1609 nonies C;<\/p>\n<p>Vu l&rsquo;arr\u00eat\u00e9 pr\u00e9fectoral en date du 16 d\u00e9cembre 2016 portant fusion des communaut\u00e9s de communes de Grand Cognac, Grande Champagne, Jarnac et R\u00e9gion de Ch\u00e2teauneuf au ler&nbsp;janvier 2017 ;<\/p>\n<p>Vu le rapport d&rsquo;\u00e9valuation n\u00b08 de la commission locale d&rsquo;\u00e9valuation des charges transf\u00e9r\u00e9es (CLECT) approuv\u00e9 \u00e0 l&rsquo;unanimit\u00e9, joint en annexe.<\/p>\n<p>Consid\u00e9rant que le rapport d&rsquo;\u00e9valuation de la CLECT fait suite au transfert de la comp\u00e9tence politique de la ville \u00e0 la communaut\u00e9 d&rsquo;agglom\u00e9ration au 1er janvier 2017;<\/p>\n<p>Consid\u00e9rant que les attributions de compensation permettent de maintenir les \u00e9quilibres budg\u00e9taires des communes membres et de leur \u00e9tablissement public de coop\u00e9ration intercommunale (EPCI) lorsqu&rsquo;il y a transfert de comp\u00e9tences et de charges dans le cadre de la fiscalit\u00e9 professionnelle unique ;<\/p>\n<p>Consid\u00e9rant que les attributions de compensation sont r\u00e9\u00e9valu\u00e9es lors de chaque transfert de comp\u00e9tences, par la Commission Locale d&rsquo;Evaluation des Charges Transf\u00e9r\u00e9es (CLECT), dans un d\u00e9lai de 9 mois suivant le transfert, selon une m\u00e9thodologie fix\u00e9e par la loi ;<\/p>\n<p>Consid\u00e9rant que la commune de Cognac dispose d&rsquo;un quartier prioritaire et de deux quartiers de veille pour lesquels Grand Cognac est comp\u00e9tent depuis le 1er janvier 2017 et signataire d&rsquo;un contrat de ville ;<\/p>\n<p>Consid\u00e9rant que le rapport de la CLECT pr\u00e9sentant le montant des charges transf\u00e9r\u00e9es doit \u00eatre approuv\u00e9 par d\u00e9lib\u00e9ration concordante de la majorit\u00e9 qualifi\u00e9e des conseils municipaux (2\/3 des communes repr\u00e9sentant 50% de la population ou 50% des communes repr\u00e9sentant les 2\/3 de la population) dans un d\u00e9lai de trois mois \u00e0 compter de la transmission ;<\/p>\n<p>Monsieur le Maire :<\/p>\n<p>&#8211; Propose d&rsquo;approuver le rapport de la CLECT du 31 ao\u00fbt 2017 faisant suite au transfert de la comp\u00e9tence politique de la ville, \u00e0 la communaut\u00e9 d&rsquo;agglom\u00e9ration.<\/p>\n<p>Le Conseil Municipal :<\/p>\n<p>&#8211; Approuve le rapport de la CLECT du 31 ao\u00fbt 2017 faisant suite au transfert de la comp\u00e9tence politique de la ville, \u00e0 la communaut\u00e9 d&rsquo;agglom\u00e9ration.<\/p>\n<ul>\n<li><strong><em>CLECT&nbsp;: Documents d\u2019urbanisme&nbsp;:<\/em><\/strong><\/li>\n<\/ul>\n<p>Vu le code g\u00e9n\u00e9ral des imp\u00f4ts, notamment son article 1609 nonies C ;<\/p>\n<p>Vu l&rsquo;arr\u00eat\u00e9 pr\u00e9fectoral en date du 16 d\u00e9cembre 2016 portant fusion des communaut\u00e9s de communes de Grand Cognac, Grande Champagne, Jarnac et R\u00e9gion de Ch\u00e2teauneuf au 1er&nbsp;janvier 2017;<\/p>\n<p>Vu le rapport d&rsquo;\u00e9valuation n\u00b09 de la commission locale d&rsquo;\u00e9valuation des charges transf\u00e9r\u00e9es (CLECT) approuv\u00e9 \u00e0 l&rsquo;unanimit\u00e9, joint en annexe.<\/p>\n<p>Consid\u00e9rant que le rapport d&rsquo;\u00e9valuation de la CLECT fait suite au transfert de la comp\u00e9tence plan local d&rsquo;urbanisme, document d&rsquo;urbanisme en tenant lieu et carte communale \u00e0 la communaut\u00e9 d&rsquo;agglom\u00e9ration au 1er janvier 2017;<\/p>\n<p>Consid\u00e9rant que les attributions de compensation permettent de maintenir les \u00e9quilibres budg\u00e9taires des communes membres et de leur \u00e9tablissement public de coop\u00e9ration intercommunale (EPCI) lorsqu&rsquo;il y a transfert de comp\u00e9tences et de charges dans le cadre de la fiscalit\u00e9 professionnelle unique ;<\/p>\n<p>Consid\u00e9rant que les attributions de compensation sont r\u00e9\u00e9valu\u00e9es lors de chaque transfert de comp\u00e9tences, par la Commission Locale d&rsquo;Evaluation des Charges Transf\u00e9r\u00e9es (CLECT), dans un d\u00e9lai de 9 mois suivant le transfert, selon une m\u00e9thodologie fix\u00e9e par la loi ;<\/p>\n<p>Consid\u00e9rant que Grand Cognac d\u00e9cide la reprise, la poursuite ou la prescription des documents d&rsquo;urbanisme communaux dans l&rsquo;attente de l&rsquo;approbation du plan local d&rsquo;urbanisme intercommunal ;<\/p>\n<p>Consid\u00e9rant que le rapport de la CLECT pr\u00e9sentant le montant des charges transf\u00e9r\u00e9es doit \u00eatre approuv\u00e9 par d\u00e9lib\u00e9ration concordante de la majorit\u00e9 qualifi\u00e9e des conseils municipaux (2\/3 des communes repr\u00e9sentant 50% de la population ou 50% des communes repr\u00e9sentant les 2\/3 de la population) dans un d\u00e9lai de trois mois \u00e0 compter de la transmission ;<\/p>\n<p>Monsieur le Maire :<\/p>\n<p>&#8211; Propose d&rsquo;approuver le rapport de la CLECT du 31 ao\u00fbt 2017 faisant suite au transfert de la comp\u00e9tence plan local d&rsquo;urbanisme, document d&rsquo;urbanisme en tenant lieu et carte communale, \u00e0 la communaut\u00e9 d&rsquo;agglom\u00e9ration.<\/p>\n<p>Le Conseil Municipal :<\/p>\n<p>&#8211; Approuve le rapport de la CLECT du 31 ao\u00fbt 2017 faisant suite au transfert de la comp\u00e9tence plan local d&rsquo;urbanisme, document d&rsquo;urbanisme en tenant lieu et carte communale, \u00e0 la communaut\u00e9 d&rsquo;agglom\u00e9ration.<\/p>\n<ul>\n<li><strong><em>CLECT&nbsp;: Gestion des eaux pluviales<\/em><\/strong>:<\/li>\n<\/ul>\n<p>Vu le code g\u00e9n\u00e9ral des imp\u00f4ts, notamment son article 1609 nonies C;<\/p>\n<p>Vu l&rsquo;arr\u00eat\u00e9 pr\u00e9fectoral en date du 16 d\u00e9cembre 2016 portant fusion des communaut\u00e9s de communes de Grand Cognac, Grande Champagne, Jarnac et R\u00e9gion de Ch\u00e2teauneuf au 1er&nbsp;janvier 2017 ;<\/p>\n<p>Vu le rapport d&rsquo;\u00e9valuation n\u00b010 de la commission locale d&rsquo;\u00e9valuation des charges transf\u00e9r\u00e9es (CLECT) approuv\u00e9 \u00e0 l&rsquo;unanimit\u00e9, joint en annexe.<\/p>\n<p>Consid\u00e9rant que le rapport d&rsquo;\u00e9valuation de la CLECT fait suite au transfert de la comp\u00e9tence assainissement recouvrant la gestion des eaux pluviales \u00e0 la communaut\u00e9 d&rsquo;agglom\u00e9ration au 1er janvier 2017 ;<\/p>\n<p>Consid\u00e9rant que les attributions de compensation permettent -de maintenir les \u00e9quilibres budg\u00e9taires des communes membres et de leur \u00e9tablissement public de coop\u00e9ration intercommunale (EPCI) lorsqu&rsquo;il y a transfert de comp\u00e9tences et de charges dans le cadre de la fiscalit\u00e9 professionnelle unique ;<\/p>\n<p>Consid\u00e9rant que les attributions de compensation sont &lsquo;r\u00e9\u00e9valu\u00e9es lors de chaque transfert de comp\u00e9tences, par la Commission Locale d&rsquo;Evaluation des Charges Transf\u00e9r\u00e9es (CLECT), dans un d\u00e9lai de 9 mois suivant le transfert, selon une m\u00e9thodologie fix\u00e9e par la loi ;<\/p>\n<p>Consid\u00e9rant que Grand Cognac d\u00e9cide la reprise, la poursuite ou la prescription des documents d&rsquo;urbanisme communaux dans l&rsquo;attente de t&rsquo;approbation du plan local d&rsquo;urbanisme intercommunal ;<\/p>\n<p>Consid\u00e9rant que le rapport de la CLECT pr\u00e9sentant le montant des charges transf\u00e9r\u00e9es doit \u00eatre approuv\u00e9 par d\u00e9lib\u00e9ration concordante de la majorit\u00e9 qualifi\u00e9e des conseils municipaux (2\/3 des communes repr\u00e9sentant 50% de la population ou 50% des communes repr\u00e9sentant les 2\/3 de la population) dans un d\u00e9lai de trois mois \u00e0 compter de la transmission ;<\/p>\n<p>Monsieur le Maire :<\/p>\n<p>&#8211; Propose d&rsquo;approuver le rapport de la CLECT du 31 ao\u00fbt 2017 faisant suite au transfert de la comp\u00e9tence assainissement recouvrant la gestion des eaux pluviales \u00e0 la communaut\u00e9 d&rsquo;agglom\u00e9ration.<\/p>\n<p>Le Conseil Municipal :<\/p>\n<p>&#8211; Approuve le rapport de la CLECT du 31 ao\u00fbt 2017 faisant suite au transfert de la comp\u00e9tence assainissement recouvrant la gestion des eaux pluviales \u00e0 la communaut\u00e9 d&rsquo;agglom\u00e9ration.<\/p>\n<ul>\n<li><strong><u>Devis entreprise BONNET PAYSAGE<\/u><\/strong>:<\/li>\n<\/ul>\n<p>Monsieur le Maire informe le conseil municipal qu&rsquo;il est n\u00e9cessaire de remplacer l&rsquo;ensemble serrure anti panique de la porte du couloir sous le pr\u00e9au de l&rsquo;\u00e9cole.<\/p>\n<p>Monsieur le Maire pr\u00e9sente le devis propos\u00e9 par l&rsquo;entreprise BONNET PAYSAGE de Belluire (17) d&rsquo;un montant de 351,91 \u20ac H.T. ; 422,29 \u20ac T.T.C..<\/p>\n<p>Apr\u00e8s en avoir d\u00e9lib\u00e9r\u00e9, le conseil municipal accepte le devis propos\u00e9 et autorise Monsieur le Maire \u00e0 signer tous documents aff\u00e9rents \u00e0 ces travaux.<\/p>\n<ul>\n<li><strong><u>Proposition de taux d\u2019avancement de grade<\/u><\/strong>:<\/li>\n<\/ul>\n<p><strong>&nbsp;&nbsp;&nbsp;&nbsp;&nbsp;&nbsp;&nbsp;&nbsp;&nbsp;&nbsp;&nbsp;&nbsp;&nbsp;&nbsp; <\/strong>Monsieur le Maire rappelle \u00e0 l\u2019assembl\u00e9e que conform\u00e9ment au 2e&nbsp;alin\u00e9a de l\u2019article 49 de<\/p>\n<p>la loi n\u00b0 84-53 du 26 janvier 1984 modifi\u00e9e portant dispositions statutaires relatives \u00e0 la fonction publique territoriale, il appartient \u00e0 chaque assembl\u00e9e d\u00e9lib\u00e9rante de fixer, apr\u00e8s avis du Comit\u00e9 Technique, le taux permettant de d\u00e9terminer, \u00e0 partir du nombre d\u2019agents remplissant les conditions pour \u00eatre nomm\u00e9s \u00e0 un grade d\u2019avancement, le nombre maximum de fonctionnaires pouvant \u00eatre promus \u00e0 ce grade.<\/p>\n<p>La d\u00e9lib\u00e9ration doit fixer ce taux pour chaque grade accessible par la voie de l\u2019avancement de grade. Il peut varier entre 0 et 100%.<\/p>\n<p>Vu l\u2019avis du Comit\u00e9 Technique r\u00e9uni le 25 septembre 2017,<\/p>\n<p><strong>&nbsp; <\/strong>Monsieur le Maire propose \u00e0 l\u2019assembl\u00e9e de fixer les ratios d\u2019avancement de grade pour la collectivit\u00e9 comme suit&nbsp;:<\/p>\n<table>\n<tbody>\n<tr>\n<td width=\"78\"><strong>CATEGORIE<\/strong><\/td>\n<td width=\"146\"><strong>CADRE D&rsquo;EMPLOIS<\/strong><\/td>\n<td width=\"135\"><strong>GRADE D&rsquo;ORIGINE<\/strong><\/td>\n<td width=\"158\"><strong>GRADE D&rsquo;AVANCEMENT<\/strong><\/td>\n<td width=\"47\"><strong>TAUX (%)<\/strong><\/td>\n<\/tr>\n<tr>\n<td width=\"78\">C<\/td>\n<td width=\"146\">Adjoint Technique Territorial<\/td>\n<td width=\"135\">Adjoint Technique Territorial<\/td>\n<td width=\"158\">Adjoint Technique Territorial Principal 2\u00e8me classe<\/td>\n<td width=\"47\">100<\/td>\n<\/tr>\n<tr>\n<td width=\"78\">C<\/td>\n<td width=\"146\">Adjoint Administratif Territorial<\/td>\n<td width=\"135\">Adjoint Administratif Territorial<\/td>\n<td width=\"158\">Adjoint Administratif Territorial Principal 2\u00e8me classe<\/td>\n<td width=\"47\">100<\/td>\n<\/tr>\n<\/tbody>\n<\/table>\n<p>Le Conseil Municipal, apr\u00e8s en avoir d\u00e9lib\u00e9r\u00e9, d\u00e9cide d\u2019adopter les ratios ainsi propos\u00e9s, \u00e0 l\u2019unanimit\u00e9 des membres pr\u00e9sents.<\/p>\n<ul>\n<li><strong><u>Informations fr\u00e9quences de la TNT<\/u><\/strong>: Voir documentation jointe.<\/li>\n<li><strong><u>Association Les Cani\u2019Kazes<\/u><\/strong>: Suite au diff\u00e9rend entre l\u2019association, la mairie et un particulier qui a \u00e9t\u00e9 port\u00e9 devant le Tribunal, le particulier a \u00e9t\u00e9 d\u00e9bout\u00e9 de toutes ses demandes et est condamn\u00e9 aux d\u00e9pens.<\/li>\n<li><strong><u>Comm\u00e9moration du 11 novembre<\/u><\/strong>: 11h45 au Monument aux Morts. Mise en place de la salle par les \u00e9lus pour le repas&nbsp;: rendez-vous vendredi 10 novembre \u00e0 17h. (146 personnes ont r\u00e9serv\u00e9).<\/li>\n<li><strong><u>Prom\u2019Haies<\/u><\/strong>:&nbsp; Assembl\u00e9e G\u00e9n\u00e9rale le vendredi 24 novembre 2017 \u00e0 17h, \u00e0 Venours (86).<\/li>\n<\/ul>\n<p>Plantation des haies avec la participation d\u2019une \u00e9cole de Cognac et plusieurs \u00e9lus, organis\u00e9e et prise en charge par la F\u00e9d\u00e9ration de Chasse<\/p>\n<ul>\n<li><strong><u>M\u00e9dia Plus Communication<\/u><\/strong>: Le conseil municipal accepte la proposition du groupe M\u00e9dia Plus pour promouvoir notre commune par l\u2019interm\u00e9diaire d\u2019un plan d\u00e9pliant. Les entreprises seront sollicit\u00e9es par M\u00e9dia Plus pour participer \u00e0 l\u2019\u00e9laboration de ce plan, si elles le souhaitent.<\/li>\n<li><strong><u>Eurochestries<\/u><\/strong>: L&rsquo;Association Eurochestries sollicite la commune de Salles d&rsquo;Angles pour organiser un de leurs concerts sur la commune, le dimanche 5 ao\u00fbt 2018.Plusieurs formations sont propos\u00e9es. Apr\u00e8s le Ch\u0153ur Bulgare en 2017, le Conseil Municipal choisit un Orchestre \u00e0 cordes pour 2018.<\/li>\n<li><strong><u>Banque alimentaire<\/u><\/strong>: Collecte nationale les 24 et 25 novembre 2017 dans les grandes et moyennes surfaces de la Charente.<\/li>\n<li><strong><u>TELETHON&nbsp;<\/u><\/strong>: Samedi 2 d\u00e9cembre 2017&nbsp;: Voir programme joint.<\/li>\n<li><strong><em><u>Informations diverses<\/u><\/em><\/strong>:<\/li>\n<li>Le SIAEPA a \u00e9t\u00e9 dissous d\u00e9finitivement, Grand Cognac prend la suite.<\/li>\n<li>Les travaux des plafonds \u00e0 l\u2019\u00e9cole sont termin\u00e9s.<\/li>\n<li>Une remise en \u00e9tat du parquet des 2 salles du Presbyt\u00e8re a \u00e9t\u00e9 effectu\u00e9e par les agents communaux.<\/li>\n<li>La charpente du hall au cimeti\u00e8re a \u00e9t\u00e9 r\u00e9par\u00e9e.<\/li>\n<li>Les travaux de voirie sont termin\u00e9s.<\/li>\n<li>L\u2019association Trico\u2019Th\u00e9 fonctionne bien.<\/li>\n<li>\u00ab&nbsp;Livres en libert\u00e9&nbsp;\u00bb a de plus en plus d\u2019adeptes.<\/li>\n<li>Pour info&nbsp;: La redevance assainissement est calcul\u00e9e au nombre de m\u00e8tres cubes d\u2019eau employ\u00e9s.<\/li>\n<li><strong>Prochaine r\u00e9union de conseil&nbsp;: Mardi 5 d\u00e9cembre \u00e0 18h30.<\/strong><\/li>\n<\/ul>\n<p><a href=\"http:\/\/sallesdangles.com\/wp-content\/uploads\/2017\/11\/courrier-TNT1.jpg\"><img loading=\"lazy\" decoding=\"async\" class=\"alignnone wp-image-3179 size-large\" src=\"http:\/\/sallesdangles.com\/wp-content\/uploads\/2017\/11\/courrier-TNT1-724x1024.jpg\" alt=\"courrier TNT1\" width=\"724\" height=\"1024\"><\/a><\/p>\n<p><a href=\"http:\/\/sallesdangles.com\/wp-content\/uploads\/2017\/11\/TNT.jpg\"><img loading=\"lazy\" decoding=\"async\" class=\"alignnone wp-image-3180 size-large\" src=\"http:\/\/sallesdangles.com\/wp-content\/uploads\/2017\/11\/TNT-724x1024.jpg\" alt=\"reglage TNT\" width=\"724\" height=\"1024\"><\/a><\/p>\n<p><a href=\"http:\/\/sallesdangles.com\/wp-content\/uploads\/2017\/11\/PROGRAMME-TELETHON-2017.jpg\"><img loading=\"lazy\" decoding=\"async\" class=\"alignnone wp-image-3171 size-large\" src=\"http:\/\/sallesdangles.com\/wp-content\/uploads\/2017\/11\/PROGRAMME-TELETHON-2017-724x1024.jpg\" alt=\"\" width=\"724\" height=\"1024\"><\/a><\/p>\n","protected":false},"excerpt":{"rendered":"<p>Le conseil municipal s\u2019est r\u00e9uni \u00e0 18h30. Le conseil approuve le compte-rendu de la r\u00e9union du 9 octobre 2017. Cimeti\u00e8res: Caveaux et Monuments fun\u00e9raires&nbsp;repris par la commune : Expos\u00e9 du Maire : &#8211; Suite aux op\u00e9rations mat\u00e9rielles de reprise des s\u00e9pultures par la commune, des caveaux, monuments fun\u00e9raires dont l&rsquo;\u00e9tat le permettait, ont \u00e9t\u00e9 pr\u00e9serv\u00e9s [&hellip;]<\/p>\n","protected":false},"author":3,"featured_media":5850,"comment_status":"closed","ping_status":"open","sticky":false,"template":"","format":"standard","meta":{"footnotes":""},"categories":[142,28],"tags":[77],"class_list":["post-3191","post","type-post","status-publish","format-standard","has-post-thumbnail","hentry","category-decisions-du-maire","category-les-reunions-municipales","tag-les-comptes-rendus"],"_links":{"self":[{"href":"https:\/\/sallesdangles.com\/index.php\/wp-json\/wp\/v2\/posts\/3191","targetHints":{"allow":["GET"]}}],"collection":[{"href":"https:\/\/sallesdangles.com\/index.php\/wp-json\/wp\/v2\/posts"}],"about":[{"href":"https:\/\/sallesdangles.com\/index.php\/wp-json\/wp\/v2\/types\/post"}],"author":[{"embeddable":true,"href":"https:\/\/sallesdangles.com\/index.php\/wp-json\/wp\/v2\/users\/3"}],"replies":[{"embeddable":true,"href":"https:\/\/sallesdangles.com\/index.php\/wp-json\/wp\/v2\/comments?post=3191"}],"version-history":[{"count":1,"href":"https:\/\/sallesdangles.com\/index.php\/wp-json\/wp\/v2\/posts\/3191\/revisions"}],"predecessor-version":[{"id":6366,"href":"https:\/\/sallesdangles.com\/index.php\/wp-json\/wp\/v2\/posts\/3191\/revisions\/6366"}],"wp:featuredmedia":[{"embeddable":true,"href":"https:\/\/sallesdangles.com\/index.php\/wp-json\/wp\/v2\/media\/5850"}],"wp:attachment":[{"href":"https:\/\/sallesdangles.com\/index.php\/wp-json\/wp\/v2\/media?parent=3191"}],"wp:term":[{"taxonomy":"category","embeddable":true,"href":"https:\/\/sallesdangles.com\/index.php\/wp-json\/wp\/v2\/categories?post=3191"},{"taxonomy":"post_tag","embeddable":true,"href":"https:\/\/sallesdangles.com\/index.php\/wp-json\/wp\/v2\/tags?post=3191"}],"curies":[{"name":"wp","href":"https:\/\/api.w.org\/{rel}","templated":true}]}}