{"id":3323,"date":"2018-03-14T13:12:31","date_gmt":"2018-03-14T12:12:31","guid":{"rendered":"http:\/\/sallesdangles.com\/?p=3323"},"modified":"2022-07-08T14:43:16","modified_gmt":"2022-07-08T12:43:16","slug":"compte-rendu-de-la-reunion-du-6-mars-2018","status":"publish","type":"post","link":"https:\/\/sallesdangles.com\/index.php\/2018\/03\/14\/compte-rendu-de-la-reunion-du-6-mars-2018\/","title":{"rendered":"Compte rendu de la r\u00e9union du 6 mars 2018"},"content":{"rendered":"<p>Le conseil municipal s\u2019est r\u00e9uni \u00e0 18h30.<\/p>\n<ul>\n<li><strong><em><u>Pr\u00e9sentation par la gendarmerie du dispositif \u00ab&nbsp;voisins vigilants&nbsp;\u00bb<\/u><\/em><\/strong><u>,<\/u> une pratique anglo-saxonne mise en place en France depuis environ 15 ans.<\/li>\n<\/ul>\n<p>La d\u00e9marche de \u00ab voisins vigilants \u00bb \u00e9galement appel\u00e9 \u00ab participation citoyenne \u00bb dans certaines communes consiste \u00e0 sensibiliser les habitants en les associant \u00e0 la protection de leur propre environnement. La connaissance par la population de son territoire et par cons\u00e9quent des ph\u00e9nom\u00e8nes de d\u00e9linquance susceptibles de s\u2019y produire permet de d\u00e9velopper un mode d\u2019action d\u2019information aupr\u00e8s des forces de l\u2019ordre. Empruntant la forme d\u2019un r\u00e9seau de solidarit\u00e9s de voisinage constitu\u00e9 d\u2019une ou plusieurs cha\u00eenes de vigilance structur\u00e9es autour d\u2019habitants d\u2019une m\u00eame rue ou d\u2019un m\u00eame quartier, le dispositif doit permettre d\u2019alerter la gendarmerie de tout \u00e9v\u00e9nement suspect ou de tout fait de nature \u00e0 troubler la s\u00e9curit\u00e9 des personnes et des biens dont ils seraient les t\u00e9moins. Ce dispositif n\u2019a pas vocation \u00e0 se substituer \u00e0 l\u2019action de la gendarmerie.<\/p>\n<p><strong>Les d\u00e9marches par les citoyens<\/strong>&nbsp;:<\/p>\n<ul>\n<li>D\u00e9clarer des faits inhabituels \u00e0 la gendarmerie ce qui provoquerait le contr\u00f4le par celle-ci, en composant le 17 ou en le signalant au r\u00e9f\u00e9rent volontaire. \u00c0 savoir que 90 % des cambriolages se r\u00e9alisent le jour.<\/li>\n<li>Songer \u00e0 relever les plaques d\u2019immatriculation de v\u00e9hicules suspect\u00e9s ou tout indice pouvant aider la gendarmerie.<\/li>\n<\/ul>\n<p><strong>Le conseil municipal ayant \u00e9mis un avis favorable \u00e0 ce dispositif, il faut donc pr\u00e9voir<\/strong>&nbsp;:<\/p>\n<ul>\n<li>Une d\u00e9lib\u00e9ration du conseil municipal.<\/li>\n<li>Une r\u00e9union publique, courant avril, en faisant appel \u00e0 des r\u00e9f\u00e9rents volontaires (liste + coordonn\u00e9es \u00e0 transmettre aux services de l\u2019ordre).<\/li>\n<li>Etablir une carte afin de d\u00e9finir des zones.<\/li>\n<li>Une convention avec le Pr\u00e9fet et le Procureur de la r\u00e9publique.<\/li>\n<li>Mettre en place le protocole avec la gendarmerie.<\/li>\n<li>Installer des panneaux \u00ab&nbsp;voisins vigilants&nbsp;\u00bb (d\u00e9finir les diff\u00e9rents endroits).<\/li>\n<li>Le conseil municipal approuve le <strong>compte-rendu de la r\u00e9union du 7 f\u00e9vrier<\/strong>, \u00e0 l\u2019exception d\u2019un \u00e9lu au sujet de NetCom (nouvel abonnement t\u00e9l\u00e9phonique).<\/li>\n<li><strong><em><u>Pr\u00e9paration du budget<\/u><\/em><\/strong>: Pr\u00e9sentation ligne par ligne du budget par Monsieur le Maire, vote de celui-ci pr\u00e9vu le 21 mars.<\/li>\n<li><strong><em><u>Am\u00e9nagement du bourg, demande DETR<\/u><\/em><\/strong>:<\/li>\n<\/ul>\n<p>Monsieur le Maire rappelle que la 1\u00e8re tranche de l&rsquo;am\u00e9nagement du bourg ainsi que la tranche 2 (TC 1) sont termin\u00e9es. La Tranche 3 (TC2) est en cours.<\/p>\n<p>Pour pouvoir continuer le projet et commencer la tranche n\u00b0 4 (Tranche Conditionnelle n\u00b0 3), au deuxi\u00e8me semestre 2018, une demande de D.E.T.R s&rsquo;impose.<\/p>\n<p>Co\u00fbt de la 4\u00e8me tranche (TC 3) pour l&rsquo;ann\u00e9e 2018-2019 :&nbsp;&nbsp;&nbsp;&nbsp; &nbsp;&nbsp;&nbsp;&nbsp;&nbsp;&nbsp;&nbsp;&nbsp;&nbsp; 398 711,50 \u20ac H.T.<\/p>\n<p>Co\u00fbt de la d\u00e9pense subventionnable :&nbsp;&nbsp;&nbsp;&nbsp;&nbsp;&nbsp;&nbsp;&nbsp;&nbsp;&nbsp;&nbsp;&nbsp;&nbsp;&nbsp;&nbsp;&nbsp;&nbsp;&nbsp;&nbsp; &nbsp;&nbsp;&nbsp;&nbsp; &nbsp;&nbsp;&nbsp;&nbsp;&nbsp;&nbsp;&nbsp;&nbsp;&nbsp; &nbsp;&nbsp;&nbsp;&nbsp;&nbsp;&nbsp;&nbsp;&nbsp;&nbsp;&nbsp;&nbsp;&nbsp;&nbsp;&nbsp; 332 241,25 \u20ac H.T.<\/p>\n<p>Montant de la subvention :&nbsp;&nbsp;&nbsp;&nbsp;&nbsp;&nbsp;&nbsp;&nbsp;&nbsp;&nbsp;&nbsp;&nbsp;&nbsp;&nbsp;&nbsp;&nbsp;&nbsp;&nbsp;&nbsp;&nbsp;&nbsp;&nbsp;&nbsp;&nbsp;&nbsp;&nbsp;&nbsp;&nbsp;&nbsp;&nbsp;&nbsp;&nbsp;&nbsp;&nbsp;&nbsp;&nbsp;&nbsp;&nbsp;&nbsp;&nbsp;&nbsp;&nbsp;&nbsp;&nbsp;&nbsp;&nbsp;&nbsp;&nbsp; &nbsp;&nbsp;&nbsp;&nbsp; &nbsp;&nbsp;&nbsp;&nbsp;&nbsp;&nbsp;&nbsp;&nbsp;&nbsp;&nbsp;&nbsp;&nbsp;&nbsp;&nbsp; &nbsp;&nbsp;99 672,37 \u20ac H.T.<\/p>\n<p>Monsieur le Maire propose de requ\u00e9rir la D.E.T.R aupr\u00e8s de Madame la Sous-Pr\u00e9f\u00e8te, pour cette 4\u00e8me tranche, Tranche Conditionnelle n\u00b0 3.<\/p>\n<p>Apr\u00e8s en avoir d\u00e9lib\u00e9r\u00e9, le Conseil Municipal accepte, \u00e0 l&rsquo;unanimit\u00e9, la proposition et autorise Monsieur le Maire \u00e0 signer tous documents concernant ce projet.<\/p>\n<ul>\n<li><strong><em><u>Semaine f\u00e9d\u00e9rale cyclotourisme<\/u><\/em><\/strong>: C\u2019est une grosse manifestation regroupant pendant une semaine environ 10&nbsp;000 cyclistes, plus les accompagnants. Plusieurs circuits sont organis\u00e9s quotidiennement dans une direction diff\u00e9rente chaque jour.<\/li>\n<\/ul>\n<p>Le lundi 5 ao\u00fbt <u>2019 <\/u>une grande partie des cyclistes passeront par Salles d\u2019Angles (passage \u00e9chelonn\u00e9 sur plusieurs heures). Ce n\u2019est pas une course et chacun part \u00e0 l\u2019heure qu\u2019il veut, s\u2019arr\u00eate photographier, visiter ou manger quand et o\u00f9 il veut. C\u2019est donc l\u2019occasion pour nos commerces et logeurs de promouvoir leur&nbsp; territoire.<\/p>\n<ul>\n<li><strong><em><u>Recensement de la population<\/u><\/em><\/strong>: Merci aux habitants de la commune d\u2019avoir bien voulu accueillir les 2 agents recenseurs et d\u2019avoir r\u00e9pondu aux questionnaires. Seule 1 famille n\u2019a pas voulu faire l\u2019effort de se faire recenser, ce qui est bien dommage car il est tr\u00e8s important pour les communes d\u2019avoir un maximum de personnes recens\u00e9es afin de pouvoir percevoir l\u2019indemnit\u00e9 de l\u2019Etat qui est bas\u00e9e sur le nombre d\u2019habitants.<\/li>\n<li><strong><em><u>Informations diverses&nbsp;<\/u><\/em><\/strong>:<\/li>\n<li><em><u>Institut de beaut\u00e9 ambulant<\/u><\/em>: Monsieur le Maire a re\u00e7u Camille Point de Jarnac qui est porteuse du projet. Avec l\u2019accord du conseil municipal, celle-ci devrait d\u00e9marrer son activit\u00e9 \u00e0 partir de septembre.<\/li>\n<li><em><u>Etat des lieux des \u00e9quipements sportifs<\/u><\/em>: Recensement des \u00e9quipements par 2 \u00e9tudiants en management du sport de l\u2019Universit\u00e9 de Poitiers. Afin d\u2019harmoniser la comp\u00e9tence sport sur le territoire de Grand Cognac, il convient d\u2019avoir une vision exhaustive des moyens mobilis\u00e9s pour le d\u00e9veloppement du sport sur le territoire, tant par les communes que par l\u2019agglom\u00e9ration.<\/li>\n<li><em><u>Tuberculose bovine<\/u><\/em>: La recrudescence de la tuberculose bovine dans plusieurs d\u00e9partements fran\u00e7ais dans les \u00e9levages bovins a conduit le minist\u00e8re de l\u2019agriculture \u00e0 mettre en place, depuis 2011, un r\u00e9seau de surveillance \u00e9pid\u00e9miologique national de la faune sauvage appel\u00e9 SYLVATUB. (<u>Voir document en pi\u00e8ce jointe).<\/u><\/li>\n<li><em><u>11 novembre 2018<\/u><\/em><em>: <\/em>Les Anciens Combattants souhaitent se retrouver \u00e0 Segonzac pour la c\u00e9r\u00e9monie du 11 novembre. Peut-\u00eatre faudrait-il pr\u00e9voir le repas des A\u00een\u00e9s le 10 novembre&nbsp;? et une c\u00e9r\u00e9monie \u00e0 Salles d\u2019Angles le 11 novembre \u00e0 9h&nbsp;pour permettre \u00e0 ceux qui le d\u00e9sirent de se rendre \u00e0 Segonzac apr\u00e8s ? Une d\u00e9cision sera prise prochainement en r\u00e9union de conseil.<\/li>\n<li><strong><em><u>Prochaine r\u00e9union de conseil&nbsp;:<\/u><\/em><\/strong><strong> Mercredi 28 mars \u00e0 18h30 : Vote du budget<\/strong>.<\/li>\n<\/ul>\n","protected":false},"excerpt":{"rendered":"<p>Le conseil municipal s\u2019est r\u00e9uni \u00e0 18h30. Pr\u00e9sentation par la gendarmerie du dispositif \u00ab&nbsp;voisins vigilants&nbsp;\u00bb, une pratique anglo-saxonne mise en place en France depuis environ 15 ans. La d\u00e9marche de \u00ab voisins vigilants \u00bb \u00e9galement appel\u00e9 \u00ab participation citoyenne \u00bb dans certaines communes consiste \u00e0 sensibiliser les habitants en les associant \u00e0 la protection de [&hellip;]<\/p>\n","protected":false},"author":3,"featured_media":5712,"comment_status":"closed","ping_status":"open","sticky":false,"template":"","format":"standard","meta":{"footnotes":""},"categories":[142,28],"tags":[77],"class_list":["post-3323","post","type-post","status-publish","format-standard","has-post-thumbnail","hentry","category-decisions-du-maire","category-les-reunions-municipales","tag-les-comptes-rendus"],"_links":{"self":[{"href":"https:\/\/sallesdangles.com\/index.php\/wp-json\/wp\/v2\/posts\/3323","targetHints":{"allow":["GET"]}}],"collection":[{"href":"https:\/\/sallesdangles.com\/index.php\/wp-json\/wp\/v2\/posts"}],"about":[{"href":"https:\/\/sallesdangles.com\/index.php\/wp-json\/wp\/v2\/types\/post"}],"author":[{"embeddable":true,"href":"https:\/\/sallesdangles.com\/index.php\/wp-json\/wp\/v2\/users\/3"}],"replies":[{"embeddable":true,"href":"https:\/\/sallesdangles.com\/index.php\/wp-json\/wp\/v2\/comments?post=3323"}],"version-history":[{"count":1,"href":"https:\/\/sallesdangles.com\/index.php\/wp-json\/wp\/v2\/posts\/3323\/revisions"}],"predecessor-version":[{"id":6306,"href":"https:\/\/sallesdangles.com\/index.php\/wp-json\/wp\/v2\/posts\/3323\/revisions\/6306"}],"wp:featuredmedia":[{"embeddable":true,"href":"https:\/\/sallesdangles.com\/index.php\/wp-json\/wp\/v2\/media\/5712"}],"wp:attachment":[{"href":"https:\/\/sallesdangles.com\/index.php\/wp-json\/wp\/v2\/media?parent=3323"}],"wp:term":[{"taxonomy":"category","embeddable":true,"href":"https:\/\/sallesdangles.com\/index.php\/wp-json\/wp\/v2\/categories?post=3323"},{"taxonomy":"post_tag","embeddable":true,"href":"https:\/\/sallesdangles.com\/index.php\/wp-json\/wp\/v2\/tags?post=3323"}],"curies":[{"name":"wp","href":"https:\/\/api.w.org\/{rel}","templated":true}]}}