{"id":4146,"date":"2019-07-17T20:47:55","date_gmt":"2019-07-17T18:47:55","guid":{"rendered":"http:\/\/sallesdangles.com\/?p=4146"},"modified":"2022-07-08T14:43:16","modified_gmt":"2022-07-08T12:43:16","slug":"compte-rendu-reunion-conseil-du-19-juin-2019","status":"publish","type":"post","link":"https:\/\/sallesdangles.com\/index.php\/2019\/07\/17\/compte-rendu-reunion-conseil-du-19-juin-2019\/","title":{"rendered":"Compte rendu r\u00e9union conseil du 19 juin 2019"},"content":{"rendered":"<p>Le conseil municipal s\u2019est r\u00e9uni \u00e0 18h30.<\/p>\n<ul>\n<li>Le conseil municipal approuve le compte-rendu de la r\u00e9union de conseil du 23 mai.<\/li>\n<li><strong><u>Concert&nbsp;<\/u><\/strong>:<\/li>\n<\/ul>\n<p>Monsieur le Maire rappelle qu&rsquo;un concert aura lieu le 4 ao\u00fbt 2019 \u00e0 l&rsquo;\u00e9glise de Salles d&rsquo;Angles, organis\u00e9 par l&rsquo;Association Eurochestries.<\/p>\n<p>Une participation de 8 \u20ac sera demand\u00e9e pour ceux et celles qui souhaiteront profiter de ce concert.<\/p>\n<ul>\n<li><strong><u>Destruction des nids de frelons asiatiques<\/u><\/strong>:<\/li>\n<\/ul>\n<p>Le conseil municipal d\u00e9cide de participer aux frais li\u00e9s \u00e0 la destruction des nids de frelons asiatiques, frais engag\u00e9s par les particuliers de la commune de Salles d&rsquo;Angles sous les conditions suivantes :<\/p>\n<p>&#8211; Participation de la commune au 2\/3 de la facture pr\u00e9sent\u00e9e et acquitt\u00e9e.<\/p>\n<p>&#8211; Un RIB sera \u00e0 joindre \u00e0 cette facture afin d&rsquo;effectuer le r\u00e8glement par virement.<\/p>\n<ul>\n<li><strong><u>Subvention exceptionnelle<\/u><\/strong>:<\/li>\n<\/ul>\n<p>Suite au courrier re\u00e7u par le Pr\u00e9sident de la Soci\u00e9t\u00e9 Nationale d&rsquo;Entraide de la M\u00e9daille Militaire, concernant le 105\u00e8me anniversaire de la bataille des Moislains, celui-ci sollicite la commune pour une participation \u00e0 la r\u00e9alisation d&rsquo;une composition florale, symbole de notre fid\u00e9lit\u00e9 au devoir de la m\u00e9moire, du respect et de la reconnaissance de la Nation.<\/p>\n<p>Apr\u00e8s en avoir d\u00e9lib\u00e9r\u00e9, le conseil municipal, \u00e0 l&rsquo;unanimit\u00e9, d\u00e9cide de verser une subvention exceptionnelle d&rsquo;un montant de 50 \u20ac.<\/p>\n<p>3 H\u00e9ros originaires de la commune sont tomb\u00e9s au champ d\u2019honneur&nbsp;:<\/p>\n<ul style=\"list-style-type: circle;\">\n<li>Pierre Boulinaud<\/li>\n<li>Pierre Cousin<\/li>\n<li>Andr\u00e9 Mondory<\/li>\n<\/ul>\n<ul>\n<li><strong><u>R.S (Agence R\u00e9gionale de Sant\u00e9)<\/u><\/strong>:<\/li>\n<\/ul>\n<p>Dispositif pilote de recueil et de gestion des signalements li\u00e9s aux \u00e9pandages de pesticides sur l\u2019ensemble de la r\u00e9gion&nbsp;:<\/p>\n<p>Ce dispositif est d\u00e9nomm\u00e9 Phytosignal, anciennement Phytoplainte.<\/p>\n<p>Les objectifs du dispositif sont de centraliser les signalements au niveau de l\u2019ARS, de les d\u00e9crire, de les comptabiliser et d\u2019assurer une prise en charge et un suivi coordonn\u00e9 avec les acteurs comp\u00e9tents et notamment la Draaf (Direction r\u00e9gionale de l&rsquo;alimentation, de l&rsquo;agriculture et de la for\u00eat).<\/p>\n<ul>\n<li><strong><u>Ecoles<\/u><\/strong>:<\/li>\n<\/ul>\n<ul style=\"list-style-type: circle;\">\n<li>Obligation de surveillance de la qualit\u00e9 de l\u2019air int\u00e9rieur, selon l\u2019article R. 221-30 du Code de l\u2019environnement, par le propri\u00e9taire du b\u00e2timent, donc la collectivit\u00e9.<\/li>\n<\/ul>\n<p>Dans un 1<sup>er<\/sup> temps&nbsp;: \u00e9valuation des moyens d\u2019a\u00e9ration.<\/p>\n<ul style=\"list-style-type: circle;\">\n<li>Plusieurs d\u00e9parts&nbsp;: un pot sera offert le vendredi 21 juin par l\u2019APE et le SIVOS&nbsp;:<\/li>\n<li>Mme Jousson et Mme ROY, \u00e9cole de Salles d\u2019Angles, mut\u00e9es \u00e0 Crouin.<\/li>\n<li>Mme AUGER et Mme BARBIER, 2 institutrices de l\u2019\u00e9cole de Saint-Fort-sur-le-N\u00e9.<\/li>\n<li>D\u00e9part \u00e0 la retraite de Gis\u00e8le LANTERNE, la cantini\u00e8re d\u2019Angeac-Champagne.<\/li>\n<\/ul>\n<ul>\n<li><strong><u>Invitation:<\/u><\/strong><\/li>\n<\/ul>\n<p>Lundi 1<sup>er<\/sup> juillet 2019 \u00e0 partir de 15h, afin de d\u00e9couvrir la plateforme de recrutement \u00ab&nbsp;Le Mercato de l\u2019emploi&nbsp;\u00bb situ\u00e9e sur la ZAE Le Pont Neuf \u00e0 Salles d\u2019Angles.<\/p>\n<p>Sandra Marsaud sera pr\u00e9sente. Cette visite sera suivie d\u2019un caf\u00e9-d\u00e9put\u00e9e qui se d\u00e9roulera de 17h \u00e0 18h30. Mme la D\u00e9put\u00e9e pourra \u00e0 cette occasion pr\u00e9senter son bilan et \u00e9changer sur les probl\u00e9matiques de territoire.<\/p>\n<ul>\n<li><strong><u>PLUi<\/u><\/strong><strong>: 2 r\u00e9unions publiques pr\u00e9vues<\/strong>&nbsp;:<\/li>\n<\/ul>\n<ul style=\"list-style-type: circle;\">\n<li>Mardi 25 juin \u00e0 19h \u00e0 Angeac-Charente<\/li>\n<li>Mardi 2 juillet \u00e0 19h \u00e0 Javrezac<\/li>\n<\/ul>\n<ul>\n<li><strong><u>Emploi de jeunes travailleurs pendant l\u2019\u00e9t\u00e9, 20h\/semaine<\/u><\/strong>: 3 candidatures accept\u00e9es \u00e0 ce jour&nbsp;:<\/li>\n<\/ul>\n<ul style=\"list-style-type: circle;\">\n<li>Farah AL SALEH<\/li>\n<li>Emma MICHEL<\/li>\n<li>Mat\u00e9o CHAT<\/li>\n<\/ul>\n<ul>\n<li><strong><u>Am\u00e9nagement du bourg<\/u><\/strong>:<\/li>\n<\/ul>\n<p>Quelques modifications sont \u00e0 apporter \u00e0 certains endroits du bourg, suite aux inondations (\u00e9vacuation des eaux).<\/p>\n<ul>\n<li><strong><u>Frairie<\/u><\/strong>:<\/li>\n<\/ul>\n<ul style=\"list-style-type: circle;\">\n<li>120 tickets distribu\u00e9s \u00e0 tous les \u00e9l\u00e8ves.<\/li>\n<li>40 enfants pr\u00e9sents pour la retraite aux flambeaux&nbsp;: 1 ticket par enfant et des pi\u00f1atas garnies de bonbons ont \u00e9t\u00e9 distribu\u00e9es aux enfants.<\/li>\n<li>100 personnes ont particip\u00e9 au repas.<\/li>\n<li>Les points n\u00e9gatifs&nbsp;: des agressions et des d\u00e9g\u00e2ts (abri bus et \u00e9glise) provoqu\u00e9s par des adolescents alcoolis\u00e9s.<\/li>\n<\/ul>\n<ul>\n<li><strong>Prochaine r\u00e9union de conseil&nbsp;: mardi 23 juillet \u00e0 18h30<\/strong>.<\/li>\n<\/ul>\n","protected":false},"excerpt":{"rendered":"<p>Le conseil municipal s\u2019est r\u00e9uni \u00e0 18h30. Le conseil municipal approuve le compte-rendu de la r\u00e9union de conseil du 23 mai. Concert&nbsp;: Monsieur le Maire rappelle qu&rsquo;un concert aura lieu le 4 ao\u00fbt 2019 \u00e0 l&rsquo;\u00e9glise de Salles d&rsquo;Angles, organis\u00e9 par l&rsquo;Association Eurochestries. Une participation de 8 \u20ac sera demand\u00e9e pour ceux et celles qui [&hellip;]<\/p>\n","protected":false},"author":3,"featured_media":5712,"comment_status":"closed","ping_status":"open","sticky":false,"template":"","format":"standard","meta":{"footnotes":""},"categories":[142,28],"tags":[77],"class_list":["post-4146","post","type-post","status-publish","format-standard","has-post-thumbnail","hentry","category-decisions-du-maire","category-les-reunions-municipales","tag-les-comptes-rendus"],"_links":{"self":[{"href":"https:\/\/sallesdangles.com\/index.php\/wp-json\/wp\/v2\/posts\/4146","targetHints":{"allow":["GET"]}}],"collection":[{"href":"https:\/\/sallesdangles.com\/index.php\/wp-json\/wp\/v2\/posts"}],"about":[{"href":"https:\/\/sallesdangles.com\/index.php\/wp-json\/wp\/v2\/types\/post"}],"author":[{"embeddable":true,"href":"https:\/\/sallesdangles.com\/index.php\/wp-json\/wp\/v2\/users\/3"}],"replies":[{"embeddable":true,"href":"https:\/\/sallesdangles.com\/index.php\/wp-json\/wp\/v2\/comments?post=4146"}],"version-history":[{"count":1,"href":"https:\/\/sallesdangles.com\/index.php\/wp-json\/wp\/v2\/posts\/4146\/revisions"}],"predecessor-version":[{"id":6044,"href":"https:\/\/sallesdangles.com\/index.php\/wp-json\/wp\/v2\/posts\/4146\/revisions\/6044"}],"wp:featuredmedia":[{"embeddable":true,"href":"https:\/\/sallesdangles.com\/index.php\/wp-json\/wp\/v2\/media\/5712"}],"wp:attachment":[{"href":"https:\/\/sallesdangles.com\/index.php\/wp-json\/wp\/v2\/media?parent=4146"}],"wp:term":[{"taxonomy":"category","embeddable":true,"href":"https:\/\/sallesdangles.com\/index.php\/wp-json\/wp\/v2\/categories?post=4146"},{"taxonomy":"post_tag","embeddable":true,"href":"https:\/\/sallesdangles.com\/index.php\/wp-json\/wp\/v2\/tags?post=4146"}],"curies":[{"name":"wp","href":"https:\/\/api.w.org\/{rel}","templated":true}]}}