{"id":5005,"date":"2021-01-14T13:55:59","date_gmt":"2021-01-14T12:55:59","guid":{"rendered":"https:\/\/backup.sallesdangles.com\/?p=5005"},"modified":"2021-03-03T12:16:30","modified_gmt":"2021-03-03T11:16:30","slug":"campagne-de-vaccination-covid-19","status":"publish","type":"post","link":"https:\/\/sallesdangles.com\/index.php\/2021\/01\/14\/campagne-de-vaccination-covid-19\/","title":{"rendered":"Campagne de vaccination Covid-19"},"content":{"rendered":"\n<p>\u00c0 partir du 18 janvier 2021, les personnes \u00e2g\u00e9es de 75&nbsp;ans et plus auront la possibilit\u00e9 de se faire vacciner contre la Covid-19.<\/p>\n\n\n\n<p>&nbsp;&nbsp;&nbsp;&nbsp;&nbsp;&nbsp;&nbsp;&nbsp;&nbsp;&nbsp;&nbsp;&nbsp;&nbsp;&nbsp; Puis les personnes \u00e2g\u00e9es de 65 \u00e0 74 ans.<\/p>\n\n\n\n<p><strong><em><u>&nbsp;Voici la d\u00e9marche \u00e0 suivre&nbsp;: <\/u><\/em><\/strong><\/p>\n\n\n\n<ul class=\"wp-block-list\"><li>Aucune consultation avec son g\u00e9n\u00e9raliste n\u2019est obligatoire pour s\u2019inscrire.<\/li><\/ul>\n\n\n\n<p>Chaque patient est toutefois libre de se rendre chez son g\u00e9n\u00e9raliste, s&rsquo;il le souhaite, afin de lui poser&nbsp;ses questions ou&nbsp;de s&rsquo;assurer de l&rsquo;absence de contre-indications.<\/p>\n\n\n\n<p>Cette v\u00e9rification sera de toute mani\u00e8re effectu\u00e9e une nouvelle fois lors de l&rsquo;administration du vaccin.<\/p>\n\n\n\n<ul class=\"wp-block-list\"><li> Les personnes qui souhaitent se faire vacciner devront prendre rendez-vous. Celui-ci pourra se faire <u style=\"font-size: inherit;\">\u00e0 compter du jeudi 14 janvier,<\/u><span style=\"font-size: inherit;\"> par t\u00e9l\u00e9phone ou sur internet, dans un des centres de vaccination locaux. La liste est sur le site internet<\/span><a rel=\"noopener noreferrer\" style=\"font-size: inherit;\" href=\"https:\/\/www.sante.fr\/\" target=\"_blank\"> sant\u00e9<strong><u>.fr<\/u> <\/strong><\/a><span style=\"font-size: inherit;\">en tapant le nom de votre commune \u00a0\u00a0\u00a0\u00a0\u00a0\u00a0\u00a0\u00a0\u00a0\u00a0\u00a0\u00a0\u00a0\u00a0\u00a0\u00a0\u00a0\u00a0\u00a0\u00a0\u00a0\u00a0\u00a0\u00a0\u00a0\u00a0\u00a0\u00a0\u00a0\u00a0\u00a0\u00a0\u00a0\u00a0\u00a0\u00a0\u00a0\u00a0\u00a0<\/span> <\/li><li> A ce jour, celui le plus proche est: <\/li><\/ul>\n\n\n\n<p class=\"has-text-align-center\">Centre de vaccination Covid-19 &#8211; CH COGNAC<\/p>\n\n\n\n<p class=\"has-text-align-center\">Avenue d\u2019Angoul\u00eame \u2013 16100 Ch\u00e2teaubernard<\/p>\n\n\n\n<p class=\"has-text-align-center\"><u>T\u00e9l&nbsp;<\/u>: 05 45 80 16 16<\/p>\n\n\n\n<p>En compl\u00e9ment des modalit\u00e9s de prise de rdv par t\u00e9l\u00e9phone, ci-dessous 3 solutions de prise de consultation en ligne&nbsp;:<\/p>\n\n\n\n<ul class=\"wp-block-list\"><li>\u00ab&nbsp;Doctolib Vaccination&nbsp;\u00bb e-mail&nbsp;: <a href=\"mailto:vaccination.covid19@doctolib.com\">covid19@doctolib.com<\/a>; Tel&nbsp;: 01.87.21.05.05<\/li><li>\u00ab&nbsp;KelDoc de NEHS&nbsp;\u00bb e-mail&nbsp;: <a href=\"mailto:vaccination.covid@groupe-nehs.com\">covid@groupe-nehs.com<\/a>; Tel&nbsp;: 01.87.21.08.69<\/li><li>\u00ab&nbsp;Maiia&nbsp;\u00bb e-mail&nbsp;: <a href=\"mailto:contact@maiia.com\">contact@maiia.com<\/a>; Tel&nbsp;: 01.49.09.34.99<\/li><\/ul>\n\n\n\n<p>D\u2019autres centres de vaccination devraient ouvrir prochainement.<\/p>\n\n\n\n<ul class=\"wp-block-list\"><li>Le rendez-vous au sein du centre de vaccination commencera par un entretien avec un soignant ou un questionnaire auto-administr\u00e9 pour s&rsquo;assurer de l&rsquo;absence de contre-indications. Les questions permettront de v\u00e9rifier que le patient n&rsquo;a pas contract\u00e9 le Covid-19 au cours des trois derniers mois et n&rsquo;a pas \u00e9t\u00e9 vaccin\u00e9 contre la grippe au cours des trois semaines pr\u00e9c\u00e9dentes.<\/li><li>Une injection effectu\u00e9e dans l\u2019\u00e9paule.<\/li><li>Une seconde dose 3 \u00e0 6 semaines plus tard.<\/li><\/ul>\n\n\n\n<blockquote class=\"wp-block-quote is-layout-flow wp-block-quote-is-layout-flow\"><p><strong><em>Prenez soin de vous.<\/em><\/strong><\/p><\/blockquote>\n\n\n\n<p><\/p>\n","protected":false},"excerpt":{"rendered":"<p>\u00c0 partir du 18 janvier 2021, les personnes \u00e2g\u00e9es de 75&nbsp;ans et plus auront la possibilit\u00e9 de se faire vacciner contre la Covid-19. &nbsp;&nbsp;&nbsp;&nbsp;&nbsp;&nbsp;&nbsp;&nbsp;&nbsp;&nbsp;&nbsp;&nbsp;&nbsp;&nbsp; Puis les personnes \u00e2g\u00e9es de 65 \u00e0 74 ans. &nbsp;Voici la d\u00e9marche \u00e0 suivre&nbsp;: Aucune consultation avec son g\u00e9n\u00e9raliste n\u2019est obligatoire pour s\u2019inscrire. Chaque patient est toutefois libre de se rendre [&hellip;]<\/p>\n","protected":false},"author":3,"featured_media":5066,"comment_status":"closed","ping_status":"closed","sticky":false,"template":"","format":"standard","meta":{"footnotes":""},"categories":[70],"tags":[81],"class_list":["post-5005","post","type-post","status-publish","format-standard","has-post-thumbnail","hentry","category-covid-19","tag-vie-pratique"],"_links":{"self":[{"href":"https:\/\/sallesdangles.com\/index.php\/wp-json\/wp\/v2\/posts\/5005","targetHints":{"allow":["GET"]}}],"collection":[{"href":"https:\/\/sallesdangles.com\/index.php\/wp-json\/wp\/v2\/posts"}],"about":[{"href":"https:\/\/sallesdangles.com\/index.php\/wp-json\/wp\/v2\/types\/post"}],"author":[{"embeddable":true,"href":"https:\/\/sallesdangles.com\/index.php\/wp-json\/wp\/v2\/users\/3"}],"replies":[{"embeddable":true,"href":"https:\/\/sallesdangles.com\/index.php\/wp-json\/wp\/v2\/comments?post=5005"}],"version-history":[{"count":1,"href":"https:\/\/sallesdangles.com\/index.php\/wp-json\/wp\/v2\/posts\/5005\/revisions"}],"predecessor-version":[{"id":5581,"href":"https:\/\/sallesdangles.com\/index.php\/wp-json\/wp\/v2\/posts\/5005\/revisions\/5581"}],"wp:featuredmedia":[{"embeddable":true,"href":"https:\/\/sallesdangles.com\/index.php\/wp-json\/wp\/v2\/media\/5066"}],"wp:attachment":[{"href":"https:\/\/sallesdangles.com\/index.php\/wp-json\/wp\/v2\/media?parent=5005"}],"wp:term":[{"taxonomy":"category","embeddable":true,"href":"https:\/\/sallesdangles.com\/index.php\/wp-json\/wp\/v2\/categories?post=5005"},{"taxonomy":"post_tag","embeddable":true,"href":"https:\/\/sallesdangles.com\/index.php\/wp-json\/wp\/v2\/tags?post=5005"}],"curies":[{"name":"wp","href":"https:\/\/api.w.org\/{rel}","templated":true}]}}